{"id":13782,"date":"2026-08-31T20:22:14","date_gmt":"2026-08-31T20:22:14","guid":{"rendered":"https:\/\/apreflorestas.com.br\/?post_type=noticias&#038;p=13782"},"modified":"2026-08-31T20:22:15","modified_gmt":"2026-08-31T20:22:15","slug":"remasa-sedia-encontro-tecnico-do-grupo-de-silvicultura-de-pinus","status":"publish","type":"noticias","link":"https:\/\/apreflorestas.com.br\/?noticias=remasa-sedia-encontro-tecnico-do-grupo-de-silvicultura-de-pinus","title":{"rendered":"Remasa sedia encontro t\u00e9cnico do Grupo de Silvicultura de Pinus"},"content":{"rendered":"\n<p class=\"wp-block-paragraph\">No dia 20 de agosto, a Remasa recebeu empresas e profissionais do setor florestal para mais um encontro t\u00e9cnico do Grupo de Silvicultura de Pinus, com a participa\u00e7\u00e3o da BASF. A iniciativa promoveu a troca de experi\u00eancias e conhecimentos sobre pr\u00e1ticas silviculturais aplicadas \u00e0s florestas de pinus no Sul do Brasil.<\/p>\n\n\n\n<p class=\"wp-block-paragraph\">Nesta edi\u00e7\u00e3o, as discuss\u00f5es foram concentradas em dois temas de grande import\u00e2ncia para o estabelecimento, a produtividade e a condu\u00e7\u00e3o dos povoamentos florestais: *manejo de formigas cortadeiras e manejo de plantas daninhas.<\/p>\n\n\n\n<p class=\"wp-block-paragraph\">Ao longo da programa\u00e7\u00e3o, os participantes compartilharam experi\u00eancias de campo, estrat\u00e9gias de controle, tecnologias dispon\u00edveis, resultados e desafios enfrentados nas opera\u00e7\u00f5es. O interc\u00e2mbio de diferentes experi\u00eancias e realidades contribui para o aprimoramento das pr\u00e1ticas silviculturais e para a busca cont\u00ednua por opera\u00e7\u00f5es cada vez mais eficientes e sustent\u00e1veis.<\/p>\n\n\n\n<p class=\"wp-block-paragraph\">Criado em 2023, o Grupo de Silvicultura de Pinus \u00e9 uma iniciativa independente formada por empresas do setor de base florestal de Santa Catarina e do Paran\u00e1. Por meio de encontros t\u00e9cnicos peri\u00f3dicos, o grupo estimula o compartilhamento de conhecimento, a discuss\u00e3o de boas pr\u00e1ticas e a evolu\u00e7\u00e3o dos procedimentos relacionados \u00e0 silvicultura.<\/p>\n\n\n\n<p class=\"wp-block-paragraph\">Para a Remasa, receber mais uma edi\u00e7\u00e3o do encontro refor\u00e7a o valor da colabora\u00e7\u00e3o entre empresas, fornecedores e profissionais do setor. Compartilhar experi\u00eancias, discutir desafios e construir solu\u00e7\u00f5es em conjunto s\u00e3o caminhos essenciais para o desenvolvimento de uma silvicultura cada vez mais eficiente, inovadora e sustent\u00e1vel.<\/p>\n","protected":false},"excerpt":{"rendered":"<p>No dia 20 de agosto, a Remasa recebeu empresas e profissionais do setor florestal para mais um encontro t\u00e9cnico do Grupo de Silvicultura de Pinus, com a participa\u00e7\u00e3o da BASF. A iniciativa promoveu a troca de experi\u00eancias e conhecimentos sobre pr\u00e1ticas silviculturais aplicadas \u00e0s florestas de pinus no Sul do Brasil. Nesta edi\u00e7\u00e3o, as discuss\u00f5es [&hellip;]<\/p>\n","protected":false},"author":9,"featured_media":13783,"menu_order":0,"comment_status":"closed","ping_status":"closed","template":"","format":"standard","meta":{"_acf_changed":false,"footnotes":""},"class_list":["post-13782","noticias","type-noticias","status-publish","format-standard","has-post-thumbnail","hentry"],"acf":[],"yoast_head":"<!-- This site is optimized with the Yoast SEO plugin v28.3 - https:\/\/yoast.com\/product\/yoast-seo-wordpress\/ -->\n<title>Remasa sedia encontro t\u00e9cnico do Grupo de Silvicultura de Pinus - APRE Florestas<\/title>\n<meta name=\"robots\" content=\"index, follow, max-snippet:-1, max-image-preview:large, max-video-preview:-1\" \/>\n<link rel=\"canonical\" href=\"https:\/\/apreflorestas.com.br\/?noticias=remasa-sedia-encontro-tecnico-do-grupo-de-silvicultura-de-pinus\" \/>\n<meta property=\"og:locale\" content=\"pt_BR\" \/>\n<meta property=\"og:type\" content=\"article\" \/>\n<meta property=\"og:title\" content=\"Remasa sedia encontro t\u00e9cnico do Grupo de Silvicultura de Pinus - APRE Florestas\" \/>\n<meta property=\"og:description\" content=\"No dia 20 de agosto, a Remasa recebeu empresas e profissionais do setor florestal para mais um encontro t\u00e9cnico do Grupo de Silvicultura de Pinus, com a participa\u00e7\u00e3o da BASF. A iniciativa promoveu a troca de experi\u00eancias e conhecimentos sobre pr\u00e1ticas silviculturais aplicadas \u00e0s florestas de pinus no Sul do Brasil. Nesta edi\u00e7\u00e3o, as discuss\u00f5es [&hellip;]\" \/>\n<meta property=\"og:url\" content=\"https:\/\/apreflorestas.com.br\/?noticias=remasa-sedia-encontro-tecnico-do-grupo-de-silvicultura-de-pinus\" \/>\n<meta property=\"og:site_name\" content=\"APRE Florestas\" \/>\n<meta property=\"article:publisher\" content=\"https:\/\/www.facebook.com\/aprefloresta\" \/>\n<meta property=\"article:modified_time\" content=\"2026-08-31T20:22:15+00:00\" \/>\n<meta property=\"og:image\" content=\"https:\/\/apreflorestas.com.br\/wp-content\/uploads\/2026\/08\/WhatsApp-Image-2026-08-25-at-10.13.29.jpeg\" \/>\n\t<meta property=\"og:image:width\" content=\"1102\" \/>\n\t<meta property=\"og:image:height\" content=\"1600\" \/>\n\t<meta property=\"og:image:type\" content=\"image\/jpeg\" \/>\n<meta name=\"twitter:card\" content=\"summary_large_image\" \/>\n<meta name=\"twitter:label1\" content=\"Est. tempo de leitura\" \/>\n\t<meta name=\"twitter:data1\" content=\"2 minutos\" \/>\n<script type=\"application\/ld+json\" class=\"yoast-schema-graph\">{\"@context\":\"https:\\\/\\\/schema.org\",\"@graph\":[{\"@type\":\"WebPage\",\"@id\":\"https:\\\/\\\/apreflorestas.com.br\\\/?noticias=remasa-sedia-encontro-tecnico-do-grupo-de-silvicultura-de-pinus\",\"url\":\"https:\\\/\\\/apreflorestas.com.br\\\/?noticias=remasa-sedia-encontro-tecnico-do-grupo-de-silvicultura-de-pinus\",\"name\":\"Remasa sedia encontro t\u00e9cnico do Grupo de Silvicultura de Pinus - APRE Florestas\",\"isPartOf\":{\"@id\":\"https:\\\/\\\/apreflorestas.com.br\\\/#website\"},\"primaryImageOfPage\":{\"@id\":\"https:\\\/\\\/apreflorestas.com.br\\\/?noticias=remasa-sedia-encontro-tecnico-do-grupo-de-silvicultura-de-pinus#primaryimage\"},\"image\":{\"@id\":\"https:\\\/\\\/apreflorestas.com.br\\\/?noticias=remasa-sedia-encontro-tecnico-do-grupo-de-silvicultura-de-pinus#primaryimage\"},\"thumbnailUrl\":\"https:\\\/\\\/apreflorestas.com.br\\\/wp-content\\\/uploads\\\/2026\\\/08\\\/WhatsApp-Image-2026-08-25-at-10.13.29.jpeg\",\"datePublished\":\"2026-08-31T20:22:14+00:00\",\"dateModified\":\"2026-08-31T20:22:15+00:00\",\"breadcrumb\":{\"@id\":\"https:\\\/\\\/apreflorestas.com.br\\\/?noticias=remasa-sedia-encontro-tecnico-do-grupo-de-silvicultura-de-pinus#breadcrumb\"},\"inLanguage\":\"pt-BR\",\"potentialAction\":[{\"@type\":\"ReadAction\",\"target\":[\"https:\\\/\\\/apreflorestas.com.br\\\/?noticias=remasa-sedia-encontro-tecnico-do-grupo-de-silvicultura-de-pinus\"]}]},{\"@type\":\"ImageObject\",\"inLanguage\":\"pt-BR\",\"@id\":\"https:\\\/\\\/apreflorestas.com.br\\\/?noticias=remasa-sedia-encontro-tecnico-do-grupo-de-silvicultura-de-pinus#primaryimage\",\"url\":\"https:\\\/\\\/apreflorestas.com.br\\\/wp-content\\\/uploads\\\/2026\\\/08\\\/WhatsApp-Image-2026-08-25-at-10.13.29.jpeg\",\"contentUrl\":\"https:\\\/\\\/apreflorestas.com.br\\\/wp-content\\\/uploads\\\/2026\\\/08\\\/WhatsApp-Image-2026-08-25-at-10.13.29.jpeg\",\"width\":1102,\"height\":1600},{\"@type\":\"BreadcrumbList\",\"@id\":\"https:\\\/\\\/apreflorestas.com.br\\\/?noticias=remasa-sedia-encontro-tecnico-do-grupo-de-silvicultura-de-pinus#breadcrumb\",\"itemListElement\":[{\"@type\":\"ListItem\",\"position\":1,\"name\":\"In\u00edcio\",\"item\":\"https:\\\/\\\/apreflorestas.com.br\\\/\"},{\"@type\":\"ListItem\",\"position\":2,\"name\":\"Remasa sedia encontro t\u00e9cnico do Grupo de Silvicultura de Pinus\"}]},{\"@type\":\"WebSite\",\"@id\":\"https:\\\/\\\/apreflorestas.com.br\\\/#website\",\"url\":\"https:\\\/\\\/apreflorestas.com.br\\\/\",\"name\":\"APRE Florestas\",\"description\":\"Associa\u00e7\u00e3o Paranaense de Empresas de Base Florestal\",\"publisher\":{\"@id\":\"https:\\\/\\\/apreflorestas.com.br\\\/#organization\"},\"potentialAction\":[{\"@type\":\"SearchAction\",\"target\":{\"@type\":\"EntryPoint\",\"urlTemplate\":\"https:\\\/\\\/apreflorestas.com.br\\\/?s={search_term_string}\"},\"query-input\":{\"@type\":\"PropertyValueSpecification\",\"valueRequired\":true,\"valueName\":\"search_term_string\"}}],\"inLanguage\":\"pt-BR\"},{\"@type\":\"Organization\",\"@id\":\"https:\\\/\\\/apreflorestas.com.br\\\/#organization\",\"name\":\"Associa\u00e7\u00e3o Paranaense de Empresas de Base Florestal - APRE\",\"url\":\"https:\\\/\\\/apreflorestas.com.br\\\/\",\"logo\":{\"@type\":\"ImageObject\",\"inLanguage\":\"pt-BR\",\"@id\":\"https:\\\/\\\/apreflorestas.com.br\\\/#\\\/schema\\\/logo\\\/image\\\/\",\"url\":\"https:\\\/\\\/apreflorestas.com.br\\\/wp-content\\\/uploads\\\/2022\\\/11\\\/logo-apre-novo5.png\",\"contentUrl\":\"https:\\\/\\\/apreflorestas.com.br\\\/wp-content\\\/uploads\\\/2022\\\/11\\\/logo-apre-novo5.png\",\"width\":1000,\"height\":577,\"caption\":\"Associa\u00e7\u00e3o Paranaense de Empresas de Base Florestal - APRE\"},\"image\":{\"@id\":\"https:\\\/\\\/apreflorestas.com.br\\\/#\\\/schema\\\/logo\\\/image\\\/\"},\"sameAs\":[\"https:\\\/\\\/www.facebook.com\\\/aprefloresta\",\"https:\\\/\\\/www.instagram.com\\\/apreflorestas\\\/\",\"https:\\\/\\\/www.linkedin.com\\\/company\\\/apreflorestas\\\/\"]}]}<\/script>\n<!-- \/ Yoast SEO plugin. -->","yoast_head_json":{"title":"Remasa sedia encontro t\u00e9cnico do Grupo de Silvicultura de Pinus - APRE Florestas","robots":{"index":"index","follow":"follow","max-snippet":"max-snippet:-1","max-image-preview":"max-image-preview:large","max-video-preview":"max-video-preview:-1"},"canonical":"https:\/\/apreflorestas.com.br\/?noticias=remasa-sedia-encontro-tecnico-do-grupo-de-silvicultura-de-pinus","og_locale":"pt_BR","og_type":"article","og_title":"Remasa sedia encontro t\u00e9cnico do Grupo de Silvicultura de Pinus - APRE Florestas","og_description":"No dia 20 de agosto, a Remasa recebeu empresas e profissionais do setor florestal para mais um encontro t\u00e9cnico do Grupo de Silvicultura de Pinus, com a participa\u00e7\u00e3o da BASF. A iniciativa promoveu a troca de experi\u00eancias e conhecimentos sobre pr\u00e1ticas silviculturais aplicadas \u00e0s florestas de pinus no Sul do Brasil. Nesta edi\u00e7\u00e3o, as discuss\u00f5es [&hellip;]","og_url":"https:\/\/apreflorestas.com.br\/?noticias=remasa-sedia-encontro-tecnico-do-grupo-de-silvicultura-de-pinus","og_site_name":"APRE Florestas","article_publisher":"https:\/\/www.facebook.com\/aprefloresta","article_modified_time":"2026-08-31T20:22:15+00:00","og_image":[{"width":1102,"height":1600,"url":"https:\/\/apreflorestas.com.br\/wp-content\/uploads\/2026\/08\/WhatsApp-Image-2026-08-25-at-10.13.29.jpeg","type":"image\/jpeg"}],"twitter_card":"summary_large_image","twitter_misc":{"Est. tempo de leitura":"2 minutos"},"schema":{"@context":"https:\/\/schema.org","@graph":[{"@type":"WebPage","@id":"https:\/\/apreflorestas.com.br\/?noticias=remasa-sedia-encontro-tecnico-do-grupo-de-silvicultura-de-pinus","url":"https:\/\/apreflorestas.com.br\/?noticias=remasa-sedia-encontro-tecnico-do-grupo-de-silvicultura-de-pinus","name":"Remasa sedia encontro t\u00e9cnico do Grupo de Silvicultura de Pinus - APRE Florestas","isPartOf":{"@id":"https:\/\/apreflorestas.com.br\/#website"},"primaryImageOfPage":{"@id":"https:\/\/apreflorestas.com.br\/?noticias=remasa-sedia-encontro-tecnico-do-grupo-de-silvicultura-de-pinus#primaryimage"},"image":{"@id":"https:\/\/apreflorestas.com.br\/?noticias=remasa-sedia-encontro-tecnico-do-grupo-de-silvicultura-de-pinus#primaryimage"},"thumbnailUrl":"https:\/\/apreflorestas.com.br\/wp-content\/uploads\/2026\/08\/WhatsApp-Image-2026-08-25-at-10.13.29.jpeg","datePublished":"2026-08-31T20:22:14+00:00","dateModified":"2026-08-31T20:22:15+00:00","breadcrumb":{"@id":"https:\/\/apreflorestas.com.br\/?noticias=remasa-sedia-encontro-tecnico-do-grupo-de-silvicultura-de-pinus#breadcrumb"},"inLanguage":"pt-BR","potentialAction":[{"@type":"ReadAction","target":["https:\/\/apreflorestas.com.br\/?noticias=remasa-sedia-encontro-tecnico-do-grupo-de-silvicultura-de-pinus"]}]},{"@type":"ImageObject","inLanguage":"pt-BR","@id":"https:\/\/apreflorestas.com.br\/?noticias=remasa-sedia-encontro-tecnico-do-grupo-de-silvicultura-de-pinus#primaryimage","url":"https:\/\/apreflorestas.com.br\/wp-content\/uploads\/2026\/08\/WhatsApp-Image-2026-08-25-at-10.13.29.jpeg","contentUrl":"https:\/\/apreflorestas.com.br\/wp-content\/uploads\/2026\/08\/WhatsApp-Image-2026-08-25-at-10.13.29.jpeg","width":1102,"height":1600},{"@type":"BreadcrumbList","@id":"https:\/\/apreflorestas.com.br\/?noticias=remasa-sedia-encontro-tecnico-do-grupo-de-silvicultura-de-pinus#breadcrumb","itemListElement":[{"@type":"ListItem","position":1,"name":"In\u00edcio","item":"https:\/\/apreflorestas.com.br\/"},{"@type":"ListItem","position":2,"name":"Remasa sedia encontro t\u00e9cnico do Grupo de Silvicultura de Pinus"}]},{"@type":"WebSite","@id":"https:\/\/apreflorestas.com.br\/#website","url":"https:\/\/apreflorestas.com.br\/","name":"APRE Florestas","description":"Associa\u00e7\u00e3o Paranaense de Empresas de Base Florestal","publisher":{"@id":"https:\/\/apreflorestas.com.br\/#organization"},"potentialAction":[{"@type":"SearchAction","target":{"@type":"EntryPoint","urlTemplate":"https:\/\/apreflorestas.com.br\/?s={search_term_string}"},"query-input":{"@type":"PropertyValueSpecification","valueRequired":true,"valueName":"search_term_string"}}],"inLanguage":"pt-BR"},{"@type":"Organization","@id":"https:\/\/apreflorestas.com.br\/#organization","name":"Associa\u00e7\u00e3o Paranaense de Empresas de Base Florestal - APRE","url":"https:\/\/apreflorestas.com.br\/","logo":{"@type":"ImageObject","inLanguage":"pt-BR","@id":"https:\/\/apreflorestas.com.br\/#\/schema\/logo\/image\/","url":"https:\/\/apreflorestas.com.br\/wp-content\/uploads\/2022\/11\/logo-apre-novo5.png","contentUrl":"https:\/\/apreflorestas.com.br\/wp-content\/uploads\/2022\/11\/logo-apre-novo5.png","width":1000,"height":577,"caption":"Associa\u00e7\u00e3o Paranaense de Empresas de Base Florestal - APRE"},"image":{"@id":"https:\/\/apreflorestas.com.br\/#\/schema\/logo\/image\/"},"sameAs":["https:\/\/www.facebook.com\/aprefloresta","https:\/\/www.instagram.com\/apreflorestas\/","https:\/\/www.linkedin.com\/company\/apreflorestas\/"]}]}},"_links":{"self":[{"href":"https:\/\/apreflorestas.com.br\/index.php?rest_route=\/wp\/v2\/noticias\/13782","targetHints":{"allow":["GET"]}}],"collection":[{"href":"https:\/\/apreflorestas.com.br\/index.php?rest_route=\/wp\/v2\/noticias"}],"about":[{"href":"https:\/\/apreflorestas.com.br\/index.php?rest_route=\/wp\/v2\/types\/noticias"}],"author":[{"embeddable":true,"href":"https:\/\/apreflorestas.com.br\/index.php?rest_route=\/wp\/v2\/users\/9"}],"replies":[{"embeddable":true,"href":"https:\/\/apreflorestas.com.br\/index.php?rest_route=%2Fwp%2Fv2%2Fcomments&post=13782"}],"version-history":[{"count":1,"href":"https:\/\/apreflorestas.com.br\/index.php?rest_route=\/wp\/v2\/noticias\/13782\/revisions"}],"predecessor-version":[{"id":13784,"href":"https:\/\/apreflorestas.com.br\/index.php?rest_route=\/wp\/v2\/noticias\/13782\/revisions\/13784"}],"wp:featuredmedia":[{"embeddable":true,"href":"https:\/\/apreflorestas.com.br\/index.php?rest_route=\/wp\/v2\/media\/13783"}],"wp:attachment":[{"href":"https:\/\/apreflorestas.com.br\/index.php?rest_route=%2Fwp%2Fv2%2Fmedia&parent=13782"}],"curies":[{"name":"wp","href":"https:\/\/api.w.org\/{rel}","templated":true}]}}