{"id":13771,"date":"2026-08-31T19:49:32","date_gmt":"2026-08-31T19:49:32","guid":{"rendered":"https:\/\/apreflorestas.com.br\/?post_type=noticias&#038;p=13771"},"modified":"2026-08-31T19:49:35","modified_gmt":"2026-08-31T19:49:35","slug":"eua-aplicam-tarifa-de-50-a-produtos-canadenses","status":"publish","type":"noticias","link":"https:\/\/apreflorestas.com.br\/?noticias=eua-aplicam-tarifa-de-50-a-produtos-canadenses","title":{"rendered":"EUA aplicam tarifa de 50% a produtos canadenses"},"content":{"rendered":"\n<p class=\"wp-block-paragraph\">Os Estados Unidos come\u00e7aram a aplicar tarifas de 50% sobre cerca de US$ 20 bilh\u00f5es em mercadorias canadenses. A decis\u00e3o ocorre ap\u00f3s o fracasso de negocia\u00e7\u00f5es comerciais entre os dois pa\u00edses aliados.<\/p>\n\n\n\n<p class=\"wp-block-paragraph\">O Representante Comercial dos EUA, Jamieson Greer, comunicou que o Canad\u00e1 recusou-se a finalizar o acordo nos termos propostos no in\u00edcio da semana. Segundo Greer, Washington ofereceu o melhor tratamento poss\u00edvel aos exportadores para o mercado americano, mas novas exig\u00eancias de Ottawa desestabilizaram o entendimento.<\/p>\n\n\n\n<p class=\"wp-block-paragraph\">O primeiro-ministro canadense, Mark Carney, contestou a vers\u00e3o americana, afirmando que as mudan\u00e7as de \u00faltima hora nos termos propostos pelos EUA foram injustas e antiecon\u00f4micas. O governo canadense anunciou que divulgar\u00e1 medidas de apoio a trabalhadores e empresas afetadas pelas tarifas nos pr\u00f3ximos dias.<\/p>\n\n\n\n<p class=\"wp-block-paragraph\">A rela\u00e7\u00e3o comercial entre os dois pa\u00edses movimentou US$ 880 bilh\u00f5es em bens e servi\u00e7os no ano passado, configurando um dos la\u00e7os mais integrados do mundo. As tarifas, que deveriam entrar em vigor na quarta-feira, tiveram seu in\u00edcio adiado por tr\u00eas dias, mas o prazo terminou sem acordo.<\/p>\n\n\n\n<p class=\"wp-block-paragraph\">As disputas comerciais existem h\u00e1 d\u00e9cadas, abrangendo setores como madeira serrada e produtos l\u00e1cteos. A pol\u00edtica atual dos EUA inclui a imposi\u00e7\u00e3o de tarifas e declara\u00e7\u00f5es sobre a poss\u00edvel anexa\u00e7\u00e3o do Canad\u00e1, o que gerou forte rea\u00e7\u00e3o no lado canadense.<\/p>\n\n\n\n<p class=\"wp-block-paragraph\">Foto: IA<\/p>\n\n\n\n<p class=\"wp-block-paragraph\">Fonte: <a href=\"https:\/\/www.brasilemfolhas.com.br\/2026\/08\/eua-aplicam-tarifa-de-50-a-produtos-canadenses-3454b4\/\">Brasil em Folhas<\/a><\/p>\n\n\n\n<p class=\"wp-block-paragraph\"><\/p>\n","protected":false},"excerpt":{"rendered":"<p>Os Estados Unidos come\u00e7aram a aplicar tarifas de 50% sobre cerca de US$ 20 bilh\u00f5es em mercadorias canadenses. A decis\u00e3o ocorre ap\u00f3s o fracasso de negocia\u00e7\u00f5es comerciais entre os dois pa\u00edses aliados. O Representante Comercial dos EUA, Jamieson Greer, comunicou que o Canad\u00e1 recusou-se a finalizar o acordo nos termos propostos no in\u00edcio da semana. [&hellip;]<\/p>\n","protected":false},"author":9,"featured_media":13773,"menu_order":0,"comment_status":"closed","ping_status":"closed","template":"","format":"standard","meta":{"_acf_changed":false,"footnotes":""},"class_list":["post-13771","noticias","type-noticias","status-publish","format-standard","has-post-thumbnail","hentry"],"acf":[],"yoast_head":"<!-- This site is optimized with the Yoast SEO plugin v28.3 - https:\/\/yoast.com\/product\/yoast-seo-wordpress\/ -->\n<title>EUA aplicam tarifa de 50% a produtos canadenses - APRE Florestas<\/title>\n<meta name=\"robots\" content=\"index, follow, max-snippet:-1, max-image-preview:large, max-video-preview:-1\" \/>\n<link rel=\"canonical\" href=\"https:\/\/apreflorestas.com.br\/?noticias=eua-aplicam-tarifa-de-50-a-produtos-canadenses\" \/>\n<meta property=\"og:locale\" content=\"pt_BR\" \/>\n<meta property=\"og:type\" content=\"article\" \/>\n<meta property=\"og:title\" content=\"EUA aplicam tarifa de 50% a produtos canadenses - APRE Florestas\" \/>\n<meta property=\"og:description\" content=\"Os Estados Unidos come\u00e7aram a aplicar tarifas de 50% sobre cerca de US$ 20 bilh\u00f5es em mercadorias canadenses. A decis\u00e3o ocorre ap\u00f3s o fracasso de negocia\u00e7\u00f5es comerciais entre os dois pa\u00edses aliados. O Representante Comercial dos EUA, Jamieson Greer, comunicou que o Canad\u00e1 recusou-se a finalizar o acordo nos termos propostos no in\u00edcio da semana. [&hellip;]\" \/>\n<meta property=\"og:url\" content=\"https:\/\/apreflorestas.com.br\/?noticias=eua-aplicam-tarifa-de-50-a-produtos-canadenses\" \/>\n<meta property=\"og:site_name\" content=\"APRE Florestas\" \/>\n<meta property=\"article:publisher\" content=\"https:\/\/www.facebook.com\/aprefloresta\" \/>\n<meta property=\"article:modified_time\" content=\"2026-08-31T19:49:35+00:00\" \/>\n<meta property=\"og:image\" content=\"https:\/\/apreflorestas.com.br\/wp-content\/uploads\/2026\/08\/canada.png\" \/>\n\t<meta property=\"og:image:width\" content=\"1254\" \/>\n\t<meta property=\"og:image:height\" content=\"1254\" \/>\n\t<meta property=\"og:image:type\" content=\"image\/png\" \/>\n<meta name=\"twitter:card\" content=\"summary_large_image\" \/>\n<meta name=\"twitter:label1\" content=\"Est. tempo de leitura\" \/>\n\t<meta name=\"twitter:data1\" content=\"2 minutos\" \/>\n<script type=\"application\/ld+json\" class=\"yoast-schema-graph\">{\"@context\":\"https:\\\/\\\/schema.org\",\"@graph\":[{\"@type\":\"WebPage\",\"@id\":\"https:\\\/\\\/apreflorestas.com.br\\\/?noticias=eua-aplicam-tarifa-de-50-a-produtos-canadenses\",\"url\":\"https:\\\/\\\/apreflorestas.com.br\\\/?noticias=eua-aplicam-tarifa-de-50-a-produtos-canadenses\",\"name\":\"EUA aplicam tarifa de 50% a produtos canadenses - APRE Florestas\",\"isPartOf\":{\"@id\":\"https:\\\/\\\/apreflorestas.com.br\\\/#website\"},\"primaryImageOfPage\":{\"@id\":\"https:\\\/\\\/apreflorestas.com.br\\\/?noticias=eua-aplicam-tarifa-de-50-a-produtos-canadenses#primaryimage\"},\"image\":{\"@id\":\"https:\\\/\\\/apreflorestas.com.br\\\/?noticias=eua-aplicam-tarifa-de-50-a-produtos-canadenses#primaryimage\"},\"thumbnailUrl\":\"https:\\\/\\\/apreflorestas.com.br\\\/wp-content\\\/uploads\\\/2026\\\/08\\\/canada.png\",\"datePublished\":\"2026-08-31T19:49:32+00:00\",\"dateModified\":\"2026-08-31T19:49:35+00:00\",\"breadcrumb\":{\"@id\":\"https:\\\/\\\/apreflorestas.com.br\\\/?noticias=eua-aplicam-tarifa-de-50-a-produtos-canadenses#breadcrumb\"},\"inLanguage\":\"pt-BR\",\"potentialAction\":[{\"@type\":\"ReadAction\",\"target\":[\"https:\\\/\\\/apreflorestas.com.br\\\/?noticias=eua-aplicam-tarifa-de-50-a-produtos-canadenses\"]}]},{\"@type\":\"ImageObject\",\"inLanguage\":\"pt-BR\",\"@id\":\"https:\\\/\\\/apreflorestas.com.br\\\/?noticias=eua-aplicam-tarifa-de-50-a-produtos-canadenses#primaryimage\",\"url\":\"https:\\\/\\\/apreflorestas.com.br\\\/wp-content\\\/uploads\\\/2026\\\/08\\\/canada.png\",\"contentUrl\":\"https:\\\/\\\/apreflorestas.com.br\\\/wp-content\\\/uploads\\\/2026\\\/08\\\/canada.png\",\"width\":1254,\"height\":1254},{\"@type\":\"BreadcrumbList\",\"@id\":\"https:\\\/\\\/apreflorestas.com.br\\\/?noticias=eua-aplicam-tarifa-de-50-a-produtos-canadenses#breadcrumb\",\"itemListElement\":[{\"@type\":\"ListItem\",\"position\":1,\"name\":\"In\u00edcio\",\"item\":\"https:\\\/\\\/apreflorestas.com.br\\\/\"},{\"@type\":\"ListItem\",\"position\":2,\"name\":\"EUA aplicam tarifa de 50% a produtos canadenses\"}]},{\"@type\":\"WebSite\",\"@id\":\"https:\\\/\\\/apreflorestas.com.br\\\/#website\",\"url\":\"https:\\\/\\\/apreflorestas.com.br\\\/\",\"name\":\"APRE Florestas\",\"description\":\"Associa\u00e7\u00e3o Paranaense de Empresas de Base Florestal\",\"publisher\":{\"@id\":\"https:\\\/\\\/apreflorestas.com.br\\\/#organization\"},\"potentialAction\":[{\"@type\":\"SearchAction\",\"target\":{\"@type\":\"EntryPoint\",\"urlTemplate\":\"https:\\\/\\\/apreflorestas.com.br\\\/?s={search_term_string}\"},\"query-input\":{\"@type\":\"PropertyValueSpecification\",\"valueRequired\":true,\"valueName\":\"search_term_string\"}}],\"inLanguage\":\"pt-BR\"},{\"@type\":\"Organization\",\"@id\":\"https:\\\/\\\/apreflorestas.com.br\\\/#organization\",\"name\":\"Associa\u00e7\u00e3o Paranaense de Empresas de Base Florestal - APRE\",\"url\":\"https:\\\/\\\/apreflorestas.com.br\\\/\",\"logo\":{\"@type\":\"ImageObject\",\"inLanguage\":\"pt-BR\",\"@id\":\"https:\\\/\\\/apreflorestas.com.br\\\/#\\\/schema\\\/logo\\\/image\\\/\",\"url\":\"https:\\\/\\\/apreflorestas.com.br\\\/wp-content\\\/uploads\\\/2022\\\/11\\\/logo-apre-novo5.png\",\"contentUrl\":\"https:\\\/\\\/apreflorestas.com.br\\\/wp-content\\\/uploads\\\/2022\\\/11\\\/logo-apre-novo5.png\",\"width\":1000,\"height\":577,\"caption\":\"Associa\u00e7\u00e3o Paranaense de Empresas de Base Florestal - APRE\"},\"image\":{\"@id\":\"https:\\\/\\\/apreflorestas.com.br\\\/#\\\/schema\\\/logo\\\/image\\\/\"},\"sameAs\":[\"https:\\\/\\\/www.facebook.com\\\/aprefloresta\",\"https:\\\/\\\/www.instagram.com\\\/apreflorestas\\\/\",\"https:\\\/\\\/www.linkedin.com\\\/company\\\/apreflorestas\\\/\"]}]}<\/script>\n<!-- \/ Yoast SEO plugin. -->","yoast_head_json":{"title":"EUA aplicam tarifa de 50% a produtos canadenses - APRE Florestas","robots":{"index":"index","follow":"follow","max-snippet":"max-snippet:-1","max-image-preview":"max-image-preview:large","max-video-preview":"max-video-preview:-1"},"canonical":"https:\/\/apreflorestas.com.br\/?noticias=eua-aplicam-tarifa-de-50-a-produtos-canadenses","og_locale":"pt_BR","og_type":"article","og_title":"EUA aplicam tarifa de 50% a produtos canadenses - APRE Florestas","og_description":"Os Estados Unidos come\u00e7aram a aplicar tarifas de 50% sobre cerca de US$ 20 bilh\u00f5es em mercadorias canadenses. A decis\u00e3o ocorre ap\u00f3s o fracasso de negocia\u00e7\u00f5es comerciais entre os dois pa\u00edses aliados. O Representante Comercial dos EUA, Jamieson Greer, comunicou que o Canad\u00e1 recusou-se a finalizar o acordo nos termos propostos no in\u00edcio da semana. [&hellip;]","og_url":"https:\/\/apreflorestas.com.br\/?noticias=eua-aplicam-tarifa-de-50-a-produtos-canadenses","og_site_name":"APRE Florestas","article_publisher":"https:\/\/www.facebook.com\/aprefloresta","article_modified_time":"2026-08-31T19:49:35+00:00","og_image":[{"width":1254,"height":1254,"url":"https:\/\/apreflorestas.com.br\/wp-content\/uploads\/2026\/08\/canada.png","type":"image\/png"}],"twitter_card":"summary_large_image","twitter_misc":{"Est. tempo de leitura":"2 minutos"},"schema":{"@context":"https:\/\/schema.org","@graph":[{"@type":"WebPage","@id":"https:\/\/apreflorestas.com.br\/?noticias=eua-aplicam-tarifa-de-50-a-produtos-canadenses","url":"https:\/\/apreflorestas.com.br\/?noticias=eua-aplicam-tarifa-de-50-a-produtos-canadenses","name":"EUA aplicam tarifa de 50% a produtos canadenses - APRE Florestas","isPartOf":{"@id":"https:\/\/apreflorestas.com.br\/#website"},"primaryImageOfPage":{"@id":"https:\/\/apreflorestas.com.br\/?noticias=eua-aplicam-tarifa-de-50-a-produtos-canadenses#primaryimage"},"image":{"@id":"https:\/\/apreflorestas.com.br\/?noticias=eua-aplicam-tarifa-de-50-a-produtos-canadenses#primaryimage"},"thumbnailUrl":"https:\/\/apreflorestas.com.br\/wp-content\/uploads\/2026\/08\/canada.png","datePublished":"2026-08-31T19:49:32+00:00","dateModified":"2026-08-31T19:49:35+00:00","breadcrumb":{"@id":"https:\/\/apreflorestas.com.br\/?noticias=eua-aplicam-tarifa-de-50-a-produtos-canadenses#breadcrumb"},"inLanguage":"pt-BR","potentialAction":[{"@type":"ReadAction","target":["https:\/\/apreflorestas.com.br\/?noticias=eua-aplicam-tarifa-de-50-a-produtos-canadenses"]}]},{"@type":"ImageObject","inLanguage":"pt-BR","@id":"https:\/\/apreflorestas.com.br\/?noticias=eua-aplicam-tarifa-de-50-a-produtos-canadenses#primaryimage","url":"https:\/\/apreflorestas.com.br\/wp-content\/uploads\/2026\/08\/canada.png","contentUrl":"https:\/\/apreflorestas.com.br\/wp-content\/uploads\/2026\/08\/canada.png","width":1254,"height":1254},{"@type":"BreadcrumbList","@id":"https:\/\/apreflorestas.com.br\/?noticias=eua-aplicam-tarifa-de-50-a-produtos-canadenses#breadcrumb","itemListElement":[{"@type":"ListItem","position":1,"name":"In\u00edcio","item":"https:\/\/apreflorestas.com.br\/"},{"@type":"ListItem","position":2,"name":"EUA aplicam tarifa de 50% a produtos canadenses"}]},{"@type":"WebSite","@id":"https:\/\/apreflorestas.com.br\/#website","url":"https:\/\/apreflorestas.com.br\/","name":"APRE Florestas","description":"Associa\u00e7\u00e3o Paranaense de Empresas de Base Florestal","publisher":{"@id":"https:\/\/apreflorestas.com.br\/#organization"},"potentialAction":[{"@type":"SearchAction","target":{"@type":"EntryPoint","urlTemplate":"https:\/\/apreflorestas.com.br\/?s={search_term_string}"},"query-input":{"@type":"PropertyValueSpecification","valueRequired":true,"valueName":"search_term_string"}}],"inLanguage":"pt-BR"},{"@type":"Organization","@id":"https:\/\/apreflorestas.com.br\/#organization","name":"Associa\u00e7\u00e3o Paranaense de Empresas de Base Florestal - APRE","url":"https:\/\/apreflorestas.com.br\/","logo":{"@type":"ImageObject","inLanguage":"pt-BR","@id":"https:\/\/apreflorestas.com.br\/#\/schema\/logo\/image\/","url":"https:\/\/apreflorestas.com.br\/wp-content\/uploads\/2022\/11\/logo-apre-novo5.png","contentUrl":"https:\/\/apreflorestas.com.br\/wp-content\/uploads\/2022\/11\/logo-apre-novo5.png","width":1000,"height":577,"caption":"Associa\u00e7\u00e3o Paranaense de Empresas de Base Florestal - APRE"},"image":{"@id":"https:\/\/apreflorestas.com.br\/#\/schema\/logo\/image\/"},"sameAs":["https:\/\/www.facebook.com\/aprefloresta","https:\/\/www.instagram.com\/apreflorestas\/","https:\/\/www.linkedin.com\/company\/apreflorestas\/"]}]}},"_links":{"self":[{"href":"https:\/\/apreflorestas.com.br\/index.php?rest_route=\/wp\/v2\/noticias\/13771","targetHints":{"allow":["GET"]}}],"collection":[{"href":"https:\/\/apreflorestas.com.br\/index.php?rest_route=\/wp\/v2\/noticias"}],"about":[{"href":"https:\/\/apreflorestas.com.br\/index.php?rest_route=\/wp\/v2\/types\/noticias"}],"author":[{"embeddable":true,"href":"https:\/\/apreflorestas.com.br\/index.php?rest_route=\/wp\/v2\/users\/9"}],"replies":[{"embeddable":true,"href":"https:\/\/apreflorestas.com.br\/index.php?rest_route=%2Fwp%2Fv2%2Fcomments&post=13771"}],"version-history":[{"count":1,"href":"https:\/\/apreflorestas.com.br\/index.php?rest_route=\/wp\/v2\/noticias\/13771\/revisions"}],"predecessor-version":[{"id":13774,"href":"https:\/\/apreflorestas.com.br\/index.php?rest_route=\/wp\/v2\/noticias\/13771\/revisions\/13774"}],"wp:featuredmedia":[{"embeddable":true,"href":"https:\/\/apreflorestas.com.br\/index.php?rest_route=\/wp\/v2\/media\/13773"}],"wp:attachment":[{"href":"https:\/\/apreflorestas.com.br\/index.php?rest_route=%2Fwp%2Fv2%2Fmedia&parent=13771"}],"curies":[{"name":"wp","href":"https:\/\/api.w.org\/{rel}","templated":true}]}}