{"id":12514,"date":"2025-06-23T14:23:36","date_gmt":"2025-06-23T14:23:36","guid":{"rendered":"https:\/\/apreflorestas.com.br\/?post_type=noticias&#038;p=12514"},"modified":"2025-06-23T14:23:37","modified_gmt":"2025-06-23T14:23:37","slug":"florestas-plantadas-a-nova-fronteira-economica-no-mercado-de-carbono","status":"publish","type":"noticias","link":"https:\/\/apreflorestas.com.br\/?noticias=florestas-plantadas-a-nova-fronteira-economica-no-mercado-de-carbono","title":{"rendered":"Florestas plantadas: a nova fronteira econ\u00f4mica no mercado de carbono"},"content":{"rendered":"\n<p class=\"wp-block-paragraph\">Historicamente associadas \u00e0 produ\u00e7\u00e3o de papel, celulose e madeira para constru\u00e7\u00e3o, as florestas plantadas est\u00e3o assumindo um novo protagonismo. Em meio \u00e0 crescente press\u00e3o por a\u00e7\u00f5es efetivas contra as mudan\u00e7as clim\u00e1ticas, essas \u00e1reas reflorestadas passaram a ser vistas como importantes sumidouros de carbono e fontes promissoras de cr\u00e9ditos de carbono \u2013 instrumentos usados por empresas para compensar suas emiss\u00f5es de gases de efeito estufa.<\/p>\n\n\n\n<p class=\"wp-block-paragraph\">Combinando viabilidade econ\u00f4mica e impacto ambiental positivo, o modelo ganha for\u00e7a no Brasil. Esp\u00e9cies como eucalipto e pinus, cultivadas de forma sustent\u00e1vel, apresentam alta efici\u00eancia na captura de di\u00f3xido de carbono (CO\u2082) da atmosfera. O carbono \u00e9 armazenado na biomassa da planta \u2013 troncos, galhos, folhas e ra\u00edzes \u2013 e, quando adequadamente mensurado e certificado, pode ser convertido em cr\u00e9ditos negociados nos mercados volunt\u00e1rio ou regulado.<\/p>\n\n\n\n<p class=\"wp-block-paragraph\"><strong>Uma floresta, duas fontes de renda<\/strong><\/p>\n\n\n\n<p class=\"wp-block-paragraph\">Mesmo sendo colhidas ao final do ciclo produtivo, as florestas comerciais continuam aptas a gerar cr\u00e9ditos de carbono. O sequestro ocorre durante o crescimento das \u00e1rvores, e os modelos de certifica\u00e7\u00e3o consideram pr\u00e1ticas de corte e replantio cont\u00ednuos. Quando a madeira \u00e9 utilizada em constru\u00e7\u00f5es ou m\u00f3veis, o carbono permanece estocado por d\u00e9cadas fora do ambiente florestal.<\/p>\n\n\n\n<p class=\"wp-block-paragraph\">Isso significa que, al\u00e9m da venda da madeira, o produtor pode obter uma segunda fonte de receita: a comercializa\u00e7\u00e3o de cr\u00e9ditos de carbono. Em projetos bem estruturados, estima-se que esses cr\u00e9ditos possam representar at\u00e9 30% da rentabilidade total por hectare. \u00c9 a integra\u00e7\u00e3o entre conserva\u00e7\u00e3o ambiental e retorno financeiro.<\/p>\n\n\n\n<p class=\"wp-block-paragraph\"><strong>Caminho t\u00e9cnico e certifica\u00e7\u00f5es<\/strong><\/p>\n\n\n\n<p class=\"wp-block-paragraph\">Para que uma floresta seja considerada eleg\u00edvel \u00e0 gera\u00e7\u00e3o de cr\u00e9ditos de carbono, \u00e9 necess\u00e1rio seguir protocolos rigorosos de certifica\u00e7\u00e3o. Entre os mais reconhecidos mundialmente est\u00e3o o Verified Carbon Standard (VCS), da Verra, e o Gold Standard, criado por organiza\u00e7\u00f5es como o WWF. No Brasil, tamb\u00e9m ganham destaque o GHG Protocol, o Sistema Brasileiro de Registro de Emiss\u00f5es (SBRE) e certifica\u00e7\u00f5es desenvolvidas por universidades e entidades t\u00e9cnicas nacionais, mais acess\u00edveis para pequenos e m\u00e9dios produtores.<\/p>\n\n\n\n<p class=\"wp-block-paragraph\">O processo inclui invent\u00e1rio florestal, c\u00e1lculo de biomassa, auditorias independentes e registro em plataformas digitais. A regulamenta\u00e7\u00e3o do setor est\u00e1 em expans\u00e3o. O Projeto de Lei n\u00ba 412\/2022, que institui o Marco Legal do Mercado Brasileiro de Redu\u00e7\u00e3o de Emiss\u00f5es (MBRE), est\u00e1 em discuss\u00e3o no Congresso e deve abrir as portas para o mercado regulado de carbono no pa\u00eds.<\/p>\n\n\n\n<p class=\"wp-block-paragraph\"><strong>Escolha da esp\u00e9cie importa<\/strong><\/p>\n\n\n\n<p class=\"wp-block-paragraph\">Nem todas as florestas capturam carbono da mesma forma. Esp\u00e9cies de crescimento r\u00e1pido, como o eucalipto, acumulam grandes volumes de biomassa em pouco tempo. J\u00e1 o pinus se adapta melhor a climas mais frios. Florestas com esp\u00e9cies nativas, embora menos produtivas em volume, s\u00e3o valorizadas por seus benef\u00edcios ecol\u00f3gicos, como a restaura\u00e7\u00e3o de \u00e1reas degradadas.<\/p>\n\n\n\n<p class=\"wp-block-paragraph\"><strong>Como funciona na pr\u00e1tica? Um exemplo de sucesso<\/strong><\/p>\n\n\n\n<p class=\"wp-block-paragraph\">Na regi\u00e3o do Vale do Jequitinhonha (MG), um cons\u00f3rcio de pequenos produtores iniciou um projeto coletivo de reflorestamento com eucalipto certificado. Com apoio t\u00e9cnico de uma ONG, eles conseguiram a certifica\u00e7\u00e3o VCS e, em tr\u00eas anos, venderam mais de 60 mil toneladas de CO\u2082 equivalente no mercado volunt\u00e1rio, arrecadando cerca de R$ 2,4 milh\u00f5es. Al\u00e9m da renda extra, o projeto impulsionou a recupera\u00e7\u00e3o de nascentes e a gera\u00e7\u00e3o de empregos locais.<\/p>\n\n\n\n<p class=\"wp-block-paragraph\"><strong>Quem compra cr\u00e9ditos de carbono?<\/strong><\/p>\n\n\n\n<p class=\"wp-block-paragraph\">Setores altamente emissores \u2013 como transporte, energia e ind\u00fastria pesada \u2013 lideram a compra de cr\u00e9ditos como forma de neutralizar suas emiss\u00f5es e atender compromissos ambientais. Companhias com pol\u00edticas ESG (ambiental, social e governan\u00e7a) tamb\u00e9m utilizam os cr\u00e9ditos para refor\u00e7ar sua imagem e atrair investidores.<\/p>\n\n\n\n<p class=\"wp-block-paragraph\">Plataformas de tecnologia clim\u00e1tica e fundos de investimento sustent\u00e1veis enxergam nos projetos florestais uma oportunidade de impacto positivo e retorno financeiro a m\u00e9dio e longo prazo.<\/p>\n\n\n\n<p class=\"wp-block-paragraph\"><strong>E os riscos?<\/strong><\/p>\n\n\n\n<p class=\"wp-block-paragraph\">A efic\u00e1cia do mercado de carbono \u00e9 tema de debate. Embora parte da comunidade cient\u00edfica alerte para o risco de \u201cgreenwashing\u201d \u2013 quando empresas compensam suas emiss\u00f5es sem reduzir efetivamente sua polui\u00e7\u00e3o \u2013, especialistas defendem que, quando bem estruturados, os projetos florestais oferecem benef\u00edcios concretos: captura de CO\u2082, recupera\u00e7\u00e3o ambiental, gera\u00e7\u00e3o de emprego e renda.<\/p>\n\n\n\n<p class=\"wp-block-paragraph\">No entanto, h\u00e1 riscos socioambientais relevantes: falta de regulamenta\u00e7\u00e3o pode favorecer especula\u00e7\u00e3o, exclus\u00e3o de pequenos produtores, grilagem e uso inapropriado de territ\u00f3rios tradicionais. \u00c9 fundamental que os projetos sejam conduzidos com transpar\u00eancia, consentimento das comunidades e mecanismos de distribui\u00e7\u00e3o justa dos benef\u00edcios.<\/p>\n\n\n\n<p class=\"wp-block-paragraph\"><strong>E os pequenos produtores?<\/strong><\/p>\n\n\n\n<p class=\"wp-block-paragraph\">Ainda dominado por grandes empresas, o mercado de carbono come\u00e7a a se abrir para pequenos produtores rurais. Iniciativas como cons\u00f3rcios, cooperativas e programas de apoio t\u00e9cnico t\u00eam permitido a inclus\u00e3o desses atores no mercado verde. Projetos coletivos possibilitam redu\u00e7\u00e3o de custos com certifica\u00e7\u00e3o e maior escala de atua\u00e7\u00e3o.<\/p>\n\n\n\n<p class=\"wp-block-paragraph\">Governos e organiza\u00e7\u00f5es do terceiro setor tamb\u00e9m t\u00eam papel fundamental no fomento e na capacita\u00e7\u00e3o t\u00e9cnica, garantindo que a transi\u00e7\u00e3o ecol\u00f3gica seja inclusiva e socialmente justa.<\/p>\n\n\n\n<p class=\"wp-block-paragraph\"><strong>Quer entrar nesse mercado? Veja por onde come\u00e7ar:<\/strong><\/p>\n\n\n\n<ul class=\"wp-block-list\">\n<li>Buscar apoio de consultorias ambientais especializadas;<\/li>\n\n\n\n<li>Realizar invent\u00e1rios florestais e estudos de elegibilidade;<\/li>\n\n\n\n<li>Avaliar padr\u00f5es de certifica\u00e7\u00e3o adequados ao porte do projeto;<\/li>\n\n\n\n<li>Estabelecer parcerias com cooperativas ou programas de fomento;<\/li>\n\n\n\n<li>Manter registros detalhados para fins de monitoramento e auditoria.<\/li>\n<\/ul>\n\n\n\n<p class=\"wp-block-paragraph\"><strong>Dados que revelam o potencial: florestas plantadas e cr\u00e9ditos em n\u00fameros<\/strong><\/p>\n\n\n\n<p class=\"wp-block-paragraph\">O Brasil possui atualmente cerca de 10,4 milh\u00f5es de hectares de florestas plantadas, segundo dados da Ind\u00fastria Brasileira de \u00c1rvores (Ib\u00e1). Apenas em 2023, esse setor foi respons\u00e1vel por 1,2% do PIB nacional, movimentando mais de R$ 130 bilh\u00f5es. As principais esp\u00e9cies cultivadas s\u00e3o o eucalipto (76%) e o pinus (20%), com forte concentra\u00e7\u00e3o nos estados de Minas Gerais, S\u00e3o Paulo, Paran\u00e1 e Bahia.<\/p>\n\n\n\n<p class=\"wp-block-paragraph\">O mercado volunt\u00e1rio de carbono cresceu mais de 170% no Brasil entre 2020 e 2023, com destaque para iniciativas florestais. Globalmente, movimentou mais de US$ 2 bilh\u00f5es em 2023. Estudos apontam que, com regula\u00e7\u00e3o adequada, a contribui\u00e7\u00e3o do setor ao PIB pode dobrar at\u00e9 2030, superando 2,5%, com gera\u00e7\u00e3o de empregos verdes e atra\u00e7\u00e3o de investimentos internacionais.<\/p>\n\n\n\n<p class=\"wp-block-paragraph\">Apenas as florestas plantadas podem capturar entre 30 e 50 milh\u00f5es de toneladas de CO\u2082 por ano, representando bilh\u00f5es em cr\u00e9ditos no mercado internacional.<\/p>\n\n\n\n<p class=\"wp-block-paragraph\"><strong>O futuro que se planta hoje<\/strong><\/p>\n\n\n\n<p class=\"wp-block-paragraph\">As florestas que antes produziam apenas madeira agora tamb\u00e9m \u201cproduzem clima\u201d \u2013 e isso muda tudo. Combinando responsabilidade ambiental, inova\u00e7\u00e3o tecnol\u00f3gica e viabilidade econ\u00f4mica, a silvicultura brasileira se consolida como um pilar estrat\u00e9gico para o desenvolvimento sustent\u00e1vel do pa\u00eds.<\/p>\n","protected":false},"excerpt":{"rendered":"<p>Historicamente associadas \u00e0 produ\u00e7\u00e3o de papel, celulose e madeira para constru\u00e7\u00e3o, as florestas plantadas est\u00e3o assumindo um novo protagonismo. Em meio \u00e0 crescente press\u00e3o por a\u00e7\u00f5es efetivas contra as mudan\u00e7as clim\u00e1ticas, essas \u00e1reas reflorestadas passaram a ser vistas como importantes sumidouros de carbono e fontes promissoras de cr\u00e9ditos de carbono \u2013 instrumentos usados por empresas [&hellip;]<\/p>\n","protected":false},"author":9,"featured_media":12515,"menu_order":0,"comment_status":"closed","ping_status":"closed","template":"","format":"standard","meta":{"_acf_changed":false,"footnotes":""},"class_list":["post-12514","noticias","type-noticias","status-publish","format-standard","has-post-thumbnail","hentry"],"acf":[],"yoast_head":"<!-- This site is optimized with the Yoast SEO plugin v28.3 - https:\/\/yoast.com\/product\/yoast-seo-wordpress\/ -->\n<title>Florestas plantadas: a nova fronteira econ\u00f4mica no mercado de carbono - APRE Florestas<\/title>\n<meta name=\"robots\" content=\"index, follow, max-snippet:-1, max-image-preview:large, max-video-preview:-1\" \/>\n<link rel=\"canonical\" href=\"https:\/\/apreflorestas.com.br\/?noticias=florestas-plantadas-a-nova-fronteira-economica-no-mercado-de-carbono\" \/>\n<meta property=\"og:locale\" content=\"pt_BR\" \/>\n<meta property=\"og:type\" content=\"article\" \/>\n<meta property=\"og:title\" content=\"Florestas plantadas: a nova fronteira econ\u00f4mica no mercado de carbono - APRE Florestas\" \/>\n<meta property=\"og:description\" content=\"Historicamente associadas \u00e0 produ\u00e7\u00e3o de papel, celulose e madeira para constru\u00e7\u00e3o, as florestas plantadas est\u00e3o assumindo um novo protagonismo. Em meio \u00e0 crescente press\u00e3o por a\u00e7\u00f5es efetivas contra as mudan\u00e7as clim\u00e1ticas, essas \u00e1reas reflorestadas passaram a ser vistas como importantes sumidouros de carbono e fontes promissoras de cr\u00e9ditos de carbono \u2013 instrumentos usados por empresas [&hellip;]\" \/>\n<meta property=\"og:url\" content=\"https:\/\/apreflorestas.com.br\/?noticias=florestas-plantadas-a-nova-fronteira-economica-no-mercado-de-carbono\" \/>\n<meta property=\"og:site_name\" content=\"APRE Florestas\" \/>\n<meta property=\"article:publisher\" content=\"https:\/\/www.facebook.com\/aprefloresta\" \/>\n<meta property=\"article:modified_time\" content=\"2025-06-23T14:23:37+00:00\" \/>\n<meta property=\"og:image\" content=\"https:\/\/apreflorestas.com.br\/wp-content\/uploads\/2025\/06\/MATERIA-CARBONO.jpeg\" \/>\n\t<meta property=\"og:image:width\" content=\"1140\" \/>\n\t<meta property=\"og:image:height\" content=\"570\" \/>\n\t<meta property=\"og:image:type\" content=\"image\/jpeg\" \/>\n<meta name=\"twitter:card\" content=\"summary_large_image\" \/>\n<meta name=\"twitter:label1\" content=\"Est. tempo de leitura\" \/>\n\t<meta name=\"twitter:data1\" content=\"6 minutos\" \/>\n<script type=\"application\/ld+json\" class=\"yoast-schema-graph\">{\"@context\":\"https:\\\/\\\/schema.org\",\"@graph\":[{\"@type\":\"WebPage\",\"@id\":\"https:\\\/\\\/apreflorestas.com.br\\\/?noticias=florestas-plantadas-a-nova-fronteira-economica-no-mercado-de-carbono\",\"url\":\"https:\\\/\\\/apreflorestas.com.br\\\/?noticias=florestas-plantadas-a-nova-fronteira-economica-no-mercado-de-carbono\",\"name\":\"Florestas plantadas: a nova fronteira econ\u00f4mica no mercado de carbono - APRE Florestas\",\"isPartOf\":{\"@id\":\"https:\\\/\\\/apreflorestas.com.br\\\/#website\"},\"primaryImageOfPage\":{\"@id\":\"https:\\\/\\\/apreflorestas.com.br\\\/?noticias=florestas-plantadas-a-nova-fronteira-economica-no-mercado-de-carbono#primaryimage\"},\"image\":{\"@id\":\"https:\\\/\\\/apreflorestas.com.br\\\/?noticias=florestas-plantadas-a-nova-fronteira-economica-no-mercado-de-carbono#primaryimage\"},\"thumbnailUrl\":\"https:\\\/\\\/apreflorestas.com.br\\\/wp-content\\\/uploads\\\/2025\\\/06\\\/MATERIA-CARBONO.jpeg\",\"datePublished\":\"2025-06-23T14:23:36+00:00\",\"dateModified\":\"2025-06-23T14:23:37+00:00\",\"breadcrumb\":{\"@id\":\"https:\\\/\\\/apreflorestas.com.br\\\/?noticias=florestas-plantadas-a-nova-fronteira-economica-no-mercado-de-carbono#breadcrumb\"},\"inLanguage\":\"pt-BR\",\"potentialAction\":[{\"@type\":\"ReadAction\",\"target\":[\"https:\\\/\\\/apreflorestas.com.br\\\/?noticias=florestas-plantadas-a-nova-fronteira-economica-no-mercado-de-carbono\"]}]},{\"@type\":\"ImageObject\",\"inLanguage\":\"pt-BR\",\"@id\":\"https:\\\/\\\/apreflorestas.com.br\\\/?noticias=florestas-plantadas-a-nova-fronteira-economica-no-mercado-de-carbono#primaryimage\",\"url\":\"https:\\\/\\\/apreflorestas.com.br\\\/wp-content\\\/uploads\\\/2025\\\/06\\\/MATERIA-CARBONO.jpeg\",\"contentUrl\":\"https:\\\/\\\/apreflorestas.com.br\\\/wp-content\\\/uploads\\\/2025\\\/06\\\/MATERIA-CARBONO.jpeg\",\"width\":1140,\"height\":570},{\"@type\":\"BreadcrumbList\",\"@id\":\"https:\\\/\\\/apreflorestas.com.br\\\/?noticias=florestas-plantadas-a-nova-fronteira-economica-no-mercado-de-carbono#breadcrumb\",\"itemListElement\":[{\"@type\":\"ListItem\",\"position\":1,\"name\":\"In\u00edcio\",\"item\":\"https:\\\/\\\/apreflorestas.com.br\\\/\"},{\"@type\":\"ListItem\",\"position\":2,\"name\":\"Florestas plantadas: a nova fronteira econ\u00f4mica no mercado de carbono\"}]},{\"@type\":\"WebSite\",\"@id\":\"https:\\\/\\\/apreflorestas.com.br\\\/#website\",\"url\":\"https:\\\/\\\/apreflorestas.com.br\\\/\",\"name\":\"APRE Florestas\",\"description\":\"Associa\u00e7\u00e3o Paranaense de Empresas de Base Florestal\",\"publisher\":{\"@id\":\"https:\\\/\\\/apreflorestas.com.br\\\/#organization\"},\"potentialAction\":[{\"@type\":\"SearchAction\",\"target\":{\"@type\":\"EntryPoint\",\"urlTemplate\":\"https:\\\/\\\/apreflorestas.com.br\\\/?s={search_term_string}\"},\"query-input\":{\"@type\":\"PropertyValueSpecification\",\"valueRequired\":true,\"valueName\":\"search_term_string\"}}],\"inLanguage\":\"pt-BR\"},{\"@type\":\"Organization\",\"@id\":\"https:\\\/\\\/apreflorestas.com.br\\\/#organization\",\"name\":\"Associa\u00e7\u00e3o Paranaense de Empresas de Base Florestal - APRE\",\"url\":\"https:\\\/\\\/apreflorestas.com.br\\\/\",\"logo\":{\"@type\":\"ImageObject\",\"inLanguage\":\"pt-BR\",\"@id\":\"https:\\\/\\\/apreflorestas.com.br\\\/#\\\/schema\\\/logo\\\/image\\\/\",\"url\":\"https:\\\/\\\/apreflorestas.com.br\\\/wp-content\\\/uploads\\\/2022\\\/11\\\/logo-apre-novo5.png\",\"contentUrl\":\"https:\\\/\\\/apreflorestas.com.br\\\/wp-content\\\/uploads\\\/2022\\\/11\\\/logo-apre-novo5.png\",\"width\":1000,\"height\":577,\"caption\":\"Associa\u00e7\u00e3o Paranaense de Empresas de Base Florestal - APRE\"},\"image\":{\"@id\":\"https:\\\/\\\/apreflorestas.com.br\\\/#\\\/schema\\\/logo\\\/image\\\/\"},\"sameAs\":[\"https:\\\/\\\/www.facebook.com\\\/aprefloresta\",\"https:\\\/\\\/www.instagram.com\\\/apreflorestas\\\/\",\"https:\\\/\\\/www.linkedin.com\\\/company\\\/apreflorestas\\\/\"]}]}<\/script>\n<!-- \/ Yoast SEO plugin. -->","yoast_head_json":{"title":"Florestas plantadas: a nova fronteira econ\u00f4mica no mercado de carbono - APRE Florestas","robots":{"index":"index","follow":"follow","max-snippet":"max-snippet:-1","max-image-preview":"max-image-preview:large","max-video-preview":"max-video-preview:-1"},"canonical":"https:\/\/apreflorestas.com.br\/?noticias=florestas-plantadas-a-nova-fronteira-economica-no-mercado-de-carbono","og_locale":"pt_BR","og_type":"article","og_title":"Florestas plantadas: a nova fronteira econ\u00f4mica no mercado de carbono - APRE Florestas","og_description":"Historicamente associadas \u00e0 produ\u00e7\u00e3o de papel, celulose e madeira para constru\u00e7\u00e3o, as florestas plantadas est\u00e3o assumindo um novo protagonismo. Em meio \u00e0 crescente press\u00e3o por a\u00e7\u00f5es efetivas contra as mudan\u00e7as clim\u00e1ticas, essas \u00e1reas reflorestadas passaram a ser vistas como importantes sumidouros de carbono e fontes promissoras de cr\u00e9ditos de carbono \u2013 instrumentos usados por empresas [&hellip;]","og_url":"https:\/\/apreflorestas.com.br\/?noticias=florestas-plantadas-a-nova-fronteira-economica-no-mercado-de-carbono","og_site_name":"APRE Florestas","article_publisher":"https:\/\/www.facebook.com\/aprefloresta","article_modified_time":"2025-06-23T14:23:37+00:00","og_image":[{"width":1140,"height":570,"url":"https:\/\/apreflorestas.com.br\/wp-content\/uploads\/2025\/06\/MATERIA-CARBONO.jpeg","type":"image\/jpeg"}],"twitter_card":"summary_large_image","twitter_misc":{"Est. tempo de leitura":"6 minutos"},"schema":{"@context":"https:\/\/schema.org","@graph":[{"@type":"WebPage","@id":"https:\/\/apreflorestas.com.br\/?noticias=florestas-plantadas-a-nova-fronteira-economica-no-mercado-de-carbono","url":"https:\/\/apreflorestas.com.br\/?noticias=florestas-plantadas-a-nova-fronteira-economica-no-mercado-de-carbono","name":"Florestas plantadas: a nova fronteira econ\u00f4mica no mercado de carbono - APRE Florestas","isPartOf":{"@id":"https:\/\/apreflorestas.com.br\/#website"},"primaryImageOfPage":{"@id":"https:\/\/apreflorestas.com.br\/?noticias=florestas-plantadas-a-nova-fronteira-economica-no-mercado-de-carbono#primaryimage"},"image":{"@id":"https:\/\/apreflorestas.com.br\/?noticias=florestas-plantadas-a-nova-fronteira-economica-no-mercado-de-carbono#primaryimage"},"thumbnailUrl":"https:\/\/apreflorestas.com.br\/wp-content\/uploads\/2025\/06\/MATERIA-CARBONO.jpeg","datePublished":"2025-06-23T14:23:36+00:00","dateModified":"2025-06-23T14:23:37+00:00","breadcrumb":{"@id":"https:\/\/apreflorestas.com.br\/?noticias=florestas-plantadas-a-nova-fronteira-economica-no-mercado-de-carbono#breadcrumb"},"inLanguage":"pt-BR","potentialAction":[{"@type":"ReadAction","target":["https:\/\/apreflorestas.com.br\/?noticias=florestas-plantadas-a-nova-fronteira-economica-no-mercado-de-carbono"]}]},{"@type":"ImageObject","inLanguage":"pt-BR","@id":"https:\/\/apreflorestas.com.br\/?noticias=florestas-plantadas-a-nova-fronteira-economica-no-mercado-de-carbono#primaryimage","url":"https:\/\/apreflorestas.com.br\/wp-content\/uploads\/2025\/06\/MATERIA-CARBONO.jpeg","contentUrl":"https:\/\/apreflorestas.com.br\/wp-content\/uploads\/2025\/06\/MATERIA-CARBONO.jpeg","width":1140,"height":570},{"@type":"BreadcrumbList","@id":"https:\/\/apreflorestas.com.br\/?noticias=florestas-plantadas-a-nova-fronteira-economica-no-mercado-de-carbono#breadcrumb","itemListElement":[{"@type":"ListItem","position":1,"name":"In\u00edcio","item":"https:\/\/apreflorestas.com.br\/"},{"@type":"ListItem","position":2,"name":"Florestas plantadas: a nova fronteira econ\u00f4mica no mercado de carbono"}]},{"@type":"WebSite","@id":"https:\/\/apreflorestas.com.br\/#website","url":"https:\/\/apreflorestas.com.br\/","name":"APRE Florestas","description":"Associa\u00e7\u00e3o Paranaense de Empresas de Base Florestal","publisher":{"@id":"https:\/\/apreflorestas.com.br\/#organization"},"potentialAction":[{"@type":"SearchAction","target":{"@type":"EntryPoint","urlTemplate":"https:\/\/apreflorestas.com.br\/?s={search_term_string}"},"query-input":{"@type":"PropertyValueSpecification","valueRequired":true,"valueName":"search_term_string"}}],"inLanguage":"pt-BR"},{"@type":"Organization","@id":"https:\/\/apreflorestas.com.br\/#organization","name":"Associa\u00e7\u00e3o Paranaense de Empresas de Base Florestal - APRE","url":"https:\/\/apreflorestas.com.br\/","logo":{"@type":"ImageObject","inLanguage":"pt-BR","@id":"https:\/\/apreflorestas.com.br\/#\/schema\/logo\/image\/","url":"https:\/\/apreflorestas.com.br\/wp-content\/uploads\/2022\/11\/logo-apre-novo5.png","contentUrl":"https:\/\/apreflorestas.com.br\/wp-content\/uploads\/2022\/11\/logo-apre-novo5.png","width":1000,"height":577,"caption":"Associa\u00e7\u00e3o Paranaense de Empresas de Base Florestal - APRE"},"image":{"@id":"https:\/\/apreflorestas.com.br\/#\/schema\/logo\/image\/"},"sameAs":["https:\/\/www.facebook.com\/aprefloresta","https:\/\/www.instagram.com\/apreflorestas\/","https:\/\/www.linkedin.com\/company\/apreflorestas\/"]}]}},"_links":{"self":[{"href":"https:\/\/apreflorestas.com.br\/index.php?rest_route=\/wp\/v2\/noticias\/12514","targetHints":{"allow":["GET"]}}],"collection":[{"href":"https:\/\/apreflorestas.com.br\/index.php?rest_route=\/wp\/v2\/noticias"}],"about":[{"href":"https:\/\/apreflorestas.com.br\/index.php?rest_route=\/wp\/v2\/types\/noticias"}],"author":[{"embeddable":true,"href":"https:\/\/apreflorestas.com.br\/index.php?rest_route=\/wp\/v2\/users\/9"}],"replies":[{"embeddable":true,"href":"https:\/\/apreflorestas.com.br\/index.php?rest_route=%2Fwp%2Fv2%2Fcomments&post=12514"}],"version-history":[{"count":1,"href":"https:\/\/apreflorestas.com.br\/index.php?rest_route=\/wp\/v2\/noticias\/12514\/revisions"}],"predecessor-version":[{"id":12516,"href":"https:\/\/apreflorestas.com.br\/index.php?rest_route=\/wp\/v2\/noticias\/12514\/revisions\/12516"}],"wp:featuredmedia":[{"embeddable":true,"href":"https:\/\/apreflorestas.com.br\/index.php?rest_route=\/wp\/v2\/media\/12515"}],"wp:attachment":[{"href":"https:\/\/apreflorestas.com.br\/index.php?rest_route=%2Fwp%2Fv2%2Fmedia&parent=12514"}],"curies":[{"name":"wp","href":"https:\/\/api.w.org\/{rel}","templated":true}]}}